{"id":3637,"date":"2021-05-10T18:44:41","date_gmt":"2021-05-10T16:44:41","guid":{"rendered":"https:\/\/pfzl.de\/blog\/?p=3637"},"modified":"2022-06-06T08:48:44","modified_gmt":"2022-06-06T06:48:44","slug":"online-alternative","status":"publish","type":"post","link":"https:\/\/pfzl.de\/blog\/?p=3637","title":{"rendered":"Online-Alternative"},"content":{"rendered":"<p>Dieses Jahr kann leider erneut kein regul\u00e4res Pfingst&shy;zelt&shy;la&shy;ger statt\u00adfinden. Daf\u00fcr ist allerdings eine Alternative geplant, welche gr\u00f6\u00df\u00adten\u00adteils online stattfinden wird. Damit auch Du etwas besser planen kannst, gibt&#8217;s hier direkt mal die Eck\u00addaten.<\/p>\n<div style=\"border: 1px solid #aa2933; background-color: rgba(170,41,51,0.4); padding: 10px;\">Die Online-Alternative findet zwischen dem <strong>24. \u2013 29. Mai<\/strong> statt. \u26fa<\/div>\n<p>Somit geht es bereits in 0 Tagen los! \u2014 YEAH \ud83d\ude09<\/p>\n<p>Bis dahin!<br \/>\nDein Betreuer-Team \ud83d\ude0e<\/p>\n","protected":false},"excerpt":{"rendered":"<p>Dieses Jahr findet eine Alternative zum regul\u00e4ren Zeltlager statt. Weitere Infos auf unserer Website.<\/p>\n","protected":false},"author":9,"featured_media":0,"comment_status":"open","ping_status":"open","sticky":false,"template":"","format":"standard","meta":{"_jetpack_memberships_contains_paid_content":false,"footnotes":""},"categories":[7],"tags":[255,249,253,251,258,250,7,252,38],"class_list":["post-3637","post","type-post","status-publish","format-standard","hentry","category-pfzl","tag-255","tag-corona","tag-coronavirus","tag-covid-19","tag-online-alternative","tag-pandemie","tag-pfzl","tag-sars-cov-2","tag-weisenhorn"],"jetpack_featured_media_url":"","jetpack_shortlink":"https:\/\/wp.me\/p8qkQQ-WF","jetpack_sharing_enabled":true,"_links":{"self":[{"href":"https:\/\/pfzl.de\/blog\/index.php?rest_route=\/wp\/v2\/posts\/3637","targetHints":{"allow":["GET"]}}],"collection":[{"href":"https:\/\/pfzl.de\/blog\/index.php?rest_route=\/wp\/v2\/posts"}],"about":[{"href":"https:\/\/pfzl.de\/blog\/index.php?rest_route=\/wp\/v2\/types\/post"}],"author":[{"embeddable":true,"href":"https:\/\/pfzl.de\/blog\/index.php?rest_route=\/wp\/v2\/users\/9"}],"replies":[{"embeddable":true,"href":"https:\/\/pfzl.de\/blog\/index.php?rest_route=%2Fwp%2Fv2%2Fcomments&post=3637"}],"version-history":[{"count":8,"href":"https:\/\/pfzl.de\/blog\/index.php?rest_route=\/wp\/v2\/posts\/3637\/revisions"}],"predecessor-version":[{"id":3655,"href":"https:\/\/pfzl.de\/blog\/index.php?rest_route=\/wp\/v2\/posts\/3637\/revisions\/3655"}],"wp:attachment":[{"href":"https:\/\/pfzl.de\/blog\/index.php?rest_route=%2Fwp%2Fv2%2Fmedia&parent=3637"}],"wp:term":[{"taxonomy":"category","embeddable":true,"href":"https:\/\/pfzl.de\/blog\/index.php?rest_route=%2Fwp%2Fv2%2Fcategories&post=3637"},{"taxonomy":"post_tag","embeddable":true,"href":"https:\/\/pfzl.de\/blog\/index.php?rest_route=%2Fwp%2Fv2%2Ftags&post=3637"}],"curies":[{"name":"wp","href":"https:\/\/api.w.org\/{rel}","templated":true}]}}