{"id":3589,"date":"2021-05-12T14:07:11","date_gmt":"2021-05-12T12:07:11","guid":{"rendered":"https:\/\/pfzl.de\/blog\/?p=3589"},"modified":"2022-06-06T08:48:50","modified_gmt":"2022-06-06T06:48:50","slug":"anmeldung-fuers-pfzl-2021-online","status":"publish","type":"post","link":"https:\/\/pfzl.de\/blog\/?p=3589","title":{"rendered":"Anmeldung f\u00fcr das Online-PFZL 2021"},"content":{"rendered":"\n<p>Dieses Jahr wird das Zeltlager zur Online-Betreuung. Unser buntes Angebot ist so gestaltet, dass ihr viel Zeit drau\u00dfen verbringen k\u00f6nnt, und euch das Zeltlager-Gef\u00fchl nach Hause holt.<\/p>\n\n\n\n<p><strong>Die Teilnahme dieses Jahr ist kostenlos<\/strong>, jedoch muss sich f\u00fcr das Online-Pfzl angemeldet werden. Die Anmeldung erfolgt schriftlich per Post oder per E-Mail an unseren Tr\u00e4ger die katholische Jugendstelle Wei\u00dfenhorn. Das Formular hierf\u00fcr findet Ihr auf <a href=\"http:\/\/www.pfzl.de\/anmeldung\">pfzl.de\/anmeldung<\/a>.<\/p>\n\n\n\n<figure class=\"wp-block-gallery columns-1 is-cropped wp-block-gallery-1 is-layout-flex wp-block-gallery-is-layout-flex\"><ul class=\"blocks-gallery-grid\"><li class=\"blocks-gallery-item\"><figure><img loading=\"lazy\" decoding=\"async\" width=\"1024\" height=\"727\" data-attachment-id=\"3609\" data-permalink=\"https:\/\/pfzl.de\/blog\/?attachment_id=3609\" data-orig-file=\"https:\/\/pfzl.de\/blog\/wp-content\/2021\/05\/PfZl-goes-digital-04.jpg\" data-orig-size=\"1749,1241\" data-comments-opened=\"0\" data-image-meta=\"{&quot;aperture&quot;:&quot;0&quot;,&quot;credit&quot;:&quot;&quot;,&quot;camera&quot;:&quot;&quot;,&quot;caption&quot;:&quot;&quot;,&quot;created_timestamp&quot;:&quot;0&quot;,&quot;copyright&quot;:&quot;&quot;,&quot;focal_length&quot;:&quot;0&quot;,&quot;iso&quot;:&quot;0&quot;,&quot;shutter_speed&quot;:&quot;0&quot;,&quot;title&quot;:&quot;&quot;,&quot;orientation&quot;:&quot;0&quot;}\" data-image-title=\"PfZl-goes-digital-04\" data-image-description=\"\" data-image-caption=\"\" data-large-file=\"https:\/\/pfzl.de\/blog\/wp-content\/2021\/05\/PfZl-goes-digital-04-1024x727.jpg\" src=\"https:\/\/pfzl.de\/blog\/wp-content\/2021\/05\/PfZl-goes-digital-04-1024x727.jpg\" alt=\"PfZl goes digital\" data-id=\"3609\" data-full-url=\"https:\/\/pfzl.de\/blog\/wp-content\/2021\/05\/PfZl-goes-digital-04.jpg\" data-link=\"https:\/\/pfzl.de\/blog\/?attachment_id=3609\" class=\"wp-image-3609\" srcset=\"https:\/\/pfzl.de\/blog\/wp-content\/2021\/05\/PfZl-goes-digital-04-1024x727.jpg 1024w, https:\/\/pfzl.de\/blog\/wp-content\/2021\/05\/PfZl-goes-digital-04-300x213.jpg 300w, https:\/\/pfzl.de\/blog\/wp-content\/2021\/05\/PfZl-goes-digital-04-1536x1090.jpg 1536w, https:\/\/pfzl.de\/blog\/wp-content\/2021\/05\/PfZl-goes-digital-04.jpg 1749w\" sizes=\"auto, (max-width: 1024px) 100vw, 1024px\" \/><\/figure><\/li><\/ul><\/figure>\n\n\n\n<h2 class=\"wp-block-heading\"><strong>Informationen zur Zeltlagerwoche 2021<\/strong><\/h2>\n\n\n\n<p>Unser Online-PfZl geht dieses Jahr <span style=\"text-decoration: underline;\">von Pfingstmontag, den 24. Mai bis Freitag, den 28. Mai 2021<\/span>.<\/p>\n\n\n\n<p>Jeden Morgen um 9:00 Uhr treffen wir uns online mit den Kindern f\u00fcr einen gemeinsamen Start, bei dem das t\u00e4gliche Programm wie Workshops, Spiele, kleine Challenges und vieles mehr vorgestellt wird. Dies wird abends um 17:00 Uhr durch einen gemeinsamen Abschluss mit unserm Live-H\u00f6rspiel abgerundet.<\/p>\n\n\n\n<p>Unser Programm bindet euch jedoch nicht an den Bildschirm, sondern ist so umsetzbar, dass es von \u00fcberall, also Zuhause, im n\u00e4chsten Waldst\u00fcck oder im Garten durchgef\u00fchrt werden kann.<\/p>\n\n\n\n<p>Sollten die Kinder mal ein Angebot nicht wahrnehmen k\u00f6nnen oder Ihre Familie an einem Tag keine Zeit haben, ist das nat\u00fcrlich kein Problem. Das Online-PfZl soll den Kindern die M\u00f6glichkeit bieten, sich selbst eine tolle Woche zu gestalten.<\/p>\n\n\n\n<h3 class=\"wp-block-heading\"><em>Was m\u00fcssen sie mitbringen?<\/em><\/h3>\n\n\n\n<p>F\u00fcr die Durchf\u00fchrung ist es wichtig, dass Ihnen ein digitales Endger\u00e4t (wir empfehlen Laptop, PC oder Tablet) und eine stabile Internet\u00adverbindung zur Verf\u00fcgung steht.<\/p>\n\n\n\n<p>Da einige Aktionen au\u00dferhalb von Ihrem Zuhause stattfinden k\u00f6nnten, w\u00e4re es gut, wenn Sie als Eltern auch etwas Zeit haben, um mitzumachen\/mitzugehen.<\/p>\n\n\n\n<p>Der Gro\u00dfteil an Materialien, die f\u00fcr Workshops u. \u00c4. ben\u00f6tigt werden, sind Dinge, die Ihr bereits zu Hause habt.<\/p>\n\n\n\n<p>Zus\u00e4tzlich werden wir ab dem kommenden Sonntag (16. Mai) Materiallisten aber auch weitere Informationen zum Ablauf des Gro\u00dfspiels, Termine und vieles mehr den Teilnehmenden zur Verf\u00fcgung stellen, sodass Ihr genug Zeit habt, alles vorab zu besorgen.<\/p>\n\n\n\n<h3 class=\"wp-block-heading\"><em>Noch weitere Fragen?<\/em><\/h3>\n\n\n\n<p>Schreibt uns gerne <a href=\"https:\/\/pfzl.de\/kontakt\" target=\"_blank\" rel=\"noopener noreferrer\">per Mail<\/a> oder in die <a href=\"https:\/\/pfzl.de\/blog\/?p=3589#respond\">Kommentare<\/a> unter diesem Beitrag.<\/p>\n\n\n\n<div style=\"height:15px; cursor: auto;\" aria-hidden=\"true\" class=\"wp-block-spacer\"><\/div>\n\n\n\n<p>Wir freuen uns auf euch!<br>Euer PfZl-Team<\/p>\n","protected":false},"excerpt":{"rendered":"<p>Dieses Jahr wird das Zeltlager zur Online-Betreuung. Unser buntes Angebot ist so gestaltet, dass ihr viel Zeit drau\u00dfen verbringen k\u00f6nnt, und euch das Zeltlager-Gef\u00fchl nach Hause holt. Die Teilnahme dieses Jahr ist kostenlos, jedoch muss sich f\u00fcr das Online-Pfzl angemeldet werden. Die Anmeldung erfolgt schriftlich per Post oder per E-Mail an unseren Tr\u00e4ger die katholische [&hellip;]<\/p>\n","protected":false},"author":15,"featured_media":0,"comment_status":"open","ping_status":"open","sticky":false,"template":"","format":"standard","meta":{"_jetpack_memberships_contains_paid_content":false,"footnotes":""},"categories":[7],"tags":[255,258,7,38],"class_list":["post-3589","post","type-post","status-publish","format-standard","hentry","category-pfzl","tag-255","tag-online-alternative","tag-pfzl","tag-weisenhorn"],"jetpack_featured_media_url":"","jetpack_shortlink":"https:\/\/wp.me\/p8qkQQ-VT","jetpack_sharing_enabled":true,"_links":{"self":[{"href":"https:\/\/pfzl.de\/blog\/index.php?rest_route=\/wp\/v2\/posts\/3589","targetHints":{"allow":["GET"]}}],"collection":[{"href":"https:\/\/pfzl.de\/blog\/index.php?rest_route=\/wp\/v2\/posts"}],"about":[{"href":"https:\/\/pfzl.de\/blog\/index.php?rest_route=\/wp\/v2\/types\/post"}],"author":[{"embeddable":true,"href":"https:\/\/pfzl.de\/blog\/index.php?rest_route=\/wp\/v2\/users\/15"}],"replies":[{"embeddable":true,"href":"https:\/\/pfzl.de\/blog\/index.php?rest_route=%2Fwp%2Fv2%2Fcomments&post=3589"}],"version-history":[{"count":21,"href":"https:\/\/pfzl.de\/blog\/index.php?rest_route=\/wp\/v2\/posts\/3589\/revisions"}],"predecessor-version":[{"id":3670,"href":"https:\/\/pfzl.de\/blog\/index.php?rest_route=\/wp\/v2\/posts\/3589\/revisions\/3670"}],"wp:attachment":[{"href":"https:\/\/pfzl.de\/blog\/index.php?rest_route=%2Fwp%2Fv2%2Fmedia&parent=3589"}],"wp:term":[{"taxonomy":"category","embeddable":true,"href":"https:\/\/pfzl.de\/blog\/index.php?rest_route=%2Fwp%2Fv2%2Fcategories&post=3589"},{"taxonomy":"post_tag","embeddable":true,"href":"https:\/\/pfzl.de\/blog\/index.php?rest_route=%2Fwp%2Fv2%2Ftags&post=3589"}],"curies":[{"name":"wp","href":"https:\/\/api.w.org\/{rel}","templated":true}]}}