{"id":3499,"date":"2020-03-21T11:40:18","date_gmt":"2020-03-21T10:40:18","guid":{"rendered":"https:\/\/pfzl.de\/blog\/?p=3499"},"modified":"2022-06-06T08:48:24","modified_gmt":"2022-06-06T06:48:24","slug":"pfzl-2020-abgesagt-%f0%9f%a6%a0","status":"publish","type":"post","link":"https:\/\/pfzl.de\/blog\/?p=3499","title":{"rendered":"PFZL 2020 abgesagt \ud83e\udda0"},"content":{"rendered":"<p>Nach verschiedenen Absprachen sehen wir uns leider dazu veranlasst, bereits an dieser Stelle das PFZL 2020 <a href=\"https:\/\/www.bja-augsburg.de\/Jugendstellen\/Jugendstelle-Weissenhorn\/(tid)\/2168\/(tname)\/Pfingstzeltlager-2020-abgesagt-Montag-01.-Juni-2020\" target=\"_blank\" rel=\"noopener noreferrer\">absagen<\/a> zu m\u00fcssen.<\/p>\n<p>Sowohl die Vorbereitungstreffen als auch weitere Abstimmungen sind in der gegenw\u00e4rtigen Situation nicht erlaubt. Somit k\u00f6nnen die not\u00adwendigen und wichtigen Vorbereitungen f\u00fcr das Zeltlager nicht vor\u00adgenommen werden. Au\u00dferdem ist die weitere Entwicklung der Corona-Pandemie im Moment noch nicht absehbar.<\/p>\n<p>Wir bitten daher um Verst\u00e4ndnis, dass wir leider dieses Jahr die Pfingst\u00adtage nicht zusammen mit euch verbringen k\u00f6nnen. Wir sind auch deswegen traurig, weil es schon zahlreiche Anmeldungen gab.<\/p>\n<p>Wir hoffen aber, dass n\u00e4chstes Jahr alles wieder klappt und wir dann erneut eine sch\u00f6ne, gemeinsame Zeit erfahren d\u00fcrfen.<\/p>\n<p>Falls an dieser Stelle Fragen aufgekommen sein sollten, so stehen wir daf\u00fcr nat\u00fcrlich jederzeit \u00fcber unser <a href=\"https:\/\/pfzl.de\/kontakt\" target=\"_blank\" rel=\"noopener noreferrer\">Kontaktformular<\/a> zur Ver\u00adf\u00fcgung.<\/p>\n<p>Das Betreuer-Team \ud83d\ude25<\/p>\n","protected":false},"excerpt":{"rendered":"<p>Das Pfingstzeltlager 2020 musste aufgrund der derzeitigen Corona-Lage leider abgesagt werden.<\/p>\n","protected":false},"author":9,"featured_media":0,"comment_status":"open","ping_status":"open","sticky":false,"template":"","format":"standard","meta":{"_jetpack_memberships_contains_paid_content":false,"footnotes":""},"categories":[7],"tags":[246,247,249,253,251,250,7,252],"class_list":["post-3499","post","type-post","status-publish","format-standard","hentry","category-pfzl","tag-246","tag-am-berg","tag-corona","tag-coronavirus","tag-covid-19","tag-pandemie","tag-pfzl","tag-sars-cov-2"],"jetpack_featured_media_url":"","jetpack_shortlink":"https:\/\/wp.me\/p8qkQQ-Ur","jetpack_sharing_enabled":true,"_links":{"self":[{"href":"https:\/\/pfzl.de\/blog\/index.php?rest_route=\/wp\/v2\/posts\/3499","targetHints":{"allow":["GET"]}}],"collection":[{"href":"https:\/\/pfzl.de\/blog\/index.php?rest_route=\/wp\/v2\/posts"}],"about":[{"href":"https:\/\/pfzl.de\/blog\/index.php?rest_route=\/wp\/v2\/types\/post"}],"author":[{"embeddable":true,"href":"https:\/\/pfzl.de\/blog\/index.php?rest_route=\/wp\/v2\/users\/9"}],"replies":[{"embeddable":true,"href":"https:\/\/pfzl.de\/blog\/index.php?rest_route=%2Fwp%2Fv2%2Fcomments&post=3499"}],"version-history":[{"count":21,"href":"https:\/\/pfzl.de\/blog\/index.php?rest_route=\/wp\/v2\/posts\/3499\/revisions"}],"predecessor-version":[{"id":3520,"href":"https:\/\/pfzl.de\/blog\/index.php?rest_route=\/wp\/v2\/posts\/3499\/revisions\/3520"}],"wp:attachment":[{"href":"https:\/\/pfzl.de\/blog\/index.php?rest_route=%2Fwp%2Fv2%2Fmedia&parent=3499"}],"wp:term":[{"taxonomy":"category","embeddable":true,"href":"https:\/\/pfzl.de\/blog\/index.php?rest_route=%2Fwp%2Fv2%2Fcategories&post=3499"},{"taxonomy":"post_tag","embeddable":true,"href":"https:\/\/pfzl.de\/blog\/index.php?rest_route=%2Fwp%2Fv2%2Ftags&post=3499"}],"curies":[{"name":"wp","href":"https:\/\/api.w.org\/{rel}","templated":true}]}}