{"id":3019,"date":"2018-04-15T23:00:40","date_gmt":"2018-04-15T21:00:40","guid":{"rendered":"http:\/\/pfzl.de\/blog\/?p=3019"},"modified":"2019-02-16T13:45:50","modified_gmt":"2019-02-16T12:45:50","slug":"infoabend-4","status":"publish","type":"post","link":"https:\/\/pfzl.de\/blog\/?p=3019","title":{"rendered":"Infoabend"},"content":{"rendered":"<p>Nicht vergessen, am 22. April findet um 15:00 Uhr im Haus St. Katharina in Wullenstetten unser diesj\u00e4hriger Infoabend statt.<\/p>\n<p>Dort werden wir Euch den Ablauf unseres Zeltlagers erkl\u00e4ren, unser Team und den diesj\u00e4hrigen Zeltplatz vorstellen, eine Muster\u00adge\u00adp\u00e4ck\u00adtasche pr\u00e4sentieren und gerne alle offenen Fragen beantworten. Zus\u00e4tzlich besteht f\u00fcr Euch auch die M\u00f6glichkeit, Fahrgemeinschaften zu bilden.<\/p>\n<img decoding=\"async\" src=\"https:\/\/pfzl.de\/blog\/wp-content\/vobewe2018.jpg\" alt=\"vobewe2018\" width=\"448\" class=\"framed-line\" \/>\n<p>Wir freuen uns auf Euer zahlreiches Erscheinen!<br \/>\nEuer Betreuer-Team \ud83d\ude42<\/p>\n","protected":false},"excerpt":{"rendered":"<p>22. April um 15:00 Uhr im Haus St. Katharina<\/p>\n","protected":false},"author":9,"featured_media":0,"comment_status":"open","ping_status":"open","sticky":false,"template":"","format":"standard","meta":{"_jetpack_memberships_contains_paid_content":false,"footnotes":""},"categories":[7],"tags":[217,67,15,7,224],"class_list":["post-3019","post","type-post","status-publish","format-standard","hentry","category-pfzl","tag-217","tag-haus-st-katharina","tag-infoabend","tag-pfzl","tag-wullenstetten"],"jetpack_featured_media_url":"","jetpack_shortlink":"https:\/\/wp.me\/p8qkQQ-MH","jetpack_sharing_enabled":true,"_links":{"self":[{"href":"https:\/\/pfzl.de\/blog\/index.php?rest_route=\/wp\/v2\/posts\/3019","targetHints":{"allow":["GET"]}}],"collection":[{"href":"https:\/\/pfzl.de\/blog\/index.php?rest_route=\/wp\/v2\/posts"}],"about":[{"href":"https:\/\/pfzl.de\/blog\/index.php?rest_route=\/wp\/v2\/types\/post"}],"author":[{"embeddable":true,"href":"https:\/\/pfzl.de\/blog\/index.php?rest_route=\/wp\/v2\/users\/9"}],"replies":[{"embeddable":true,"href":"https:\/\/pfzl.de\/blog\/index.php?rest_route=%2Fwp%2Fv2%2Fcomments&post=3019"}],"version-history":[{"count":8,"href":"https:\/\/pfzl.de\/blog\/index.php?rest_route=\/wp\/v2\/posts\/3019\/revisions"}],"predecessor-version":[{"id":3299,"href":"https:\/\/pfzl.de\/blog\/index.php?rest_route=\/wp\/v2\/posts\/3019\/revisions\/3299"}],"wp:attachment":[{"href":"https:\/\/pfzl.de\/blog\/index.php?rest_route=%2Fwp%2Fv2%2Fmedia&parent=3019"}],"wp:term":[{"taxonomy":"category","embeddable":true,"href":"https:\/\/pfzl.de\/blog\/index.php?rest_route=%2Fwp%2Fv2%2Fcategories&post=3019"},{"taxonomy":"post_tag","embeddable":true,"href":"https:\/\/pfzl.de\/blog\/index.php?rest_route=%2Fwp%2Fv2%2Ftags&post=3019"}],"curies":[{"name":"wp","href":"https:\/\/api.w.org\/{rel}","templated":true}]}}