{"id":2370,"date":"2016-03-02T21:43:56","date_gmt":"2016-03-02T20:43:56","guid":{"rendered":"http:\/\/pfzl.de\/weblog\/?p=2370"},"modified":"2017-02-21T14:19:53","modified_gmt":"2017-02-21T13:19:53","slug":"anmeldung-online-4","status":"publish","type":"post","link":"https:\/\/pfzl.de\/blog\/?p=2370","title":{"rendered":"Anmeldung online"},"content":{"rendered":"<p>Die aktuelle <a title=\"PFZL-Anmeldung 2016\" href=\"http:\/\/pfzl.de\/anmeldung\/Anmeldung.pdf\" target=\"_blank\">Anmeldung<\/a> f\u00fcr das Pfingstzeltlager 2016 ist nun online. Diese wird in einigen Tagen auch wieder in den \u00fcblichen \u00f6rtlichen L\u00e4den ausliegen.<\/p>\n<p>In diesem Jahr sind wir auf dem Zeltplatz &#8222;Fuggerweiher&#8220; in Babenhausen zu Gast, auf dem wir zuletzt 2010 gezeltet haben.<\/p>\n<p>Der Infoabend, an dem wir ein wenig \u00fcber unser Zeltlager erz\u00e4hlen und die wichtigsten <a title=\"F.A.Q.\" href=\"http:\/\/pfzl.de\/blog\/?page_id=429\" target=\"_blank\">Fragen<\/a> kl\u00e4ren, wird \u00fcbrigens am 24. April um 16\u00a0Uhr im <a title=\"Wegbeschreibung\" href=\"http:\/\/pfzl.de\/blog\/?page_id=1554\" target=\"_blank\">Haus St. Katharina<\/a> stattfinden.<\/p>\n<p>Wir freuen uns auf Dich!<br \/>\nDein Betreuer-Team \ud83d\ude0e<\/p>\n","protected":false},"excerpt":{"rendered":"<p>Die aktuelle Anmeldung f\u00fcr das Pfingstzeltlager 2016 ist nun online.<\/p>\n","protected":false},"author":9,"featured_media":0,"comment_status":"open","ping_status":"open","sticky":false,"template":"","format":"standard","meta":{"_jetpack_memberships_contains_paid_content":false,"footnotes":""},"categories":[14],"tags":[170,14,43,7],"class_list":["post-2370","post","type-post","status-publish","format-standard","hentry","category-anmeldung","tag-170","tag-anmeldung","tag-fuggerweiher","tag-pfzl"],"jetpack_featured_media_url":"","jetpack_shortlink":"https:\/\/wp.me\/p8qkQQ-Ce","jetpack_sharing_enabled":true,"_links":{"self":[{"href":"https:\/\/pfzl.de\/blog\/index.php?rest_route=\/wp\/v2\/posts\/2370","targetHints":{"allow":["GET"]}}],"collection":[{"href":"https:\/\/pfzl.de\/blog\/index.php?rest_route=\/wp\/v2\/posts"}],"about":[{"href":"https:\/\/pfzl.de\/blog\/index.php?rest_route=\/wp\/v2\/types\/post"}],"author":[{"embeddable":true,"href":"https:\/\/pfzl.de\/blog\/index.php?rest_route=\/wp\/v2\/users\/9"}],"replies":[{"embeddable":true,"href":"https:\/\/pfzl.de\/blog\/index.php?rest_route=%2Fwp%2Fv2%2Fcomments&post=2370"}],"version-history":[{"count":10,"href":"https:\/\/pfzl.de\/blog\/index.php?rest_route=\/wp\/v2\/posts\/2370\/revisions"}],"predecessor-version":[{"id":2694,"href":"https:\/\/pfzl.de\/blog\/index.php?rest_route=\/wp\/v2\/posts\/2370\/revisions\/2694"}],"wp:attachment":[{"href":"https:\/\/pfzl.de\/blog\/index.php?rest_route=%2Fwp%2Fv2%2Fmedia&parent=2370"}],"wp:term":[{"taxonomy":"category","embeddable":true,"href":"https:\/\/pfzl.de\/blog\/index.php?rest_route=%2Fwp%2Fv2%2Fcategories&post=2370"},{"taxonomy":"post_tag","embeddable":true,"href":"https:\/\/pfzl.de\/blog\/index.php?rest_route=%2Fwp%2Fv2%2Ftags&post=2370"}],"curies":[{"name":"wp","href":"https:\/\/api.w.org\/{rel}","templated":true}]}}