{"id":2081,"date":"2014-07-01T17:55:18","date_gmt":"2014-07-01T15:55:18","guid":{"rendered":"http:\/\/pfzl.de\/weblog\/?p=2081"},"modified":"2019-03-27T11:07:58","modified_gmt":"2019-03-27T10:07:58","slug":"nachtreffen-2014","status":"publish","type":"post","link":"https:\/\/pfzl.de\/blog\/?p=2081","title":{"rendered":"Nachtreffen 2014"},"content":{"rendered":"<p>Wenn Ihr wissen wollt, was sich hinter diesem Bild verbirgt oder Ihr noch mehr davon sehen wollt, dann d\u00fcrft Ihr auf keinen Fall unser Nachtreffen verpassen! Stattfinden wird das Ganze am 13. Juli 2014 ab 15:00 Uhr in der Grundschule Nord in Wei\u00dfenhorn (nahe&nbsp;Claretinerkolleg und Krankenhaus).<\/p>\n<p><img decoding=\"async\" style=\"border: 1px solid #333;\" title=\"Vergesst das Nachtreffen nicht ;-)\" src=\"https:\/\/www.pfzl.de\/blog\/wp-content\/pfzlworkshops2014.jpg\" alt=\"Workshops 2014\" width=\"450\"><\/p>\n<p>Dazu ist nat\u00fcrlich Jeder herzlich eingeladen! Ob PfZlerin oder PfZler, Mama oder Papa, Oma oder Opa, Freund oder Freundin, [&#8230;] \u2014 Ihr seid alle gerne gesehen! F\u00fcr Kaffee &amp; Kuchen ist soweit auch gesorgt, dennoch w\u00fcrden wir uns \u00fcber die ein oder andere Kuchenspende sehr freuen!<\/p>\n<p>Bis bald,<br \/>\nDein Betreuer-Team \ud83d\ude0e<\/p>\n","protected":false},"excerpt":{"rendered":"<p>Nicht vergessen: am 13. Juli 2014 findet unser Nachtreffen in der Grundschule Nord in Wei\u00dfenhorn statt.<\/p>\n","protected":false},"author":9,"featured_media":0,"comment_status":"open","ping_status":"open","sticky":false,"template":"","format":"standard","meta":{"_jetpack_memberships_contains_paid_content":false,"footnotes":""},"categories":[7],"tags":[132,26,7,38],"class_list":["post-2081","post","type-post","status-publish","format-standard","hentry","category-pfzl","tag-132","tag-nachtreffen","tag-pfzl","tag-weisenhorn"],"jetpack_featured_media_url":"","jetpack_shortlink":"https:\/\/wp.me\/p8qkQQ-xz","jetpack_sharing_enabled":true,"_links":{"self":[{"href":"https:\/\/pfzl.de\/blog\/index.php?rest_route=\/wp\/v2\/posts\/2081","targetHints":{"allow":["GET"]}}],"collection":[{"href":"https:\/\/pfzl.de\/blog\/index.php?rest_route=\/wp\/v2\/posts"}],"about":[{"href":"https:\/\/pfzl.de\/blog\/index.php?rest_route=\/wp\/v2\/types\/post"}],"author":[{"embeddable":true,"href":"https:\/\/pfzl.de\/blog\/index.php?rest_route=\/wp\/v2\/users\/9"}],"replies":[{"embeddable":true,"href":"https:\/\/pfzl.de\/blog\/index.php?rest_route=%2Fwp%2Fv2%2Fcomments&post=2081"}],"version-history":[{"count":7,"href":"https:\/\/pfzl.de\/blog\/index.php?rest_route=\/wp\/v2\/posts\/2081\/revisions"}],"predecessor-version":[{"id":3316,"href":"https:\/\/pfzl.de\/blog\/index.php?rest_route=\/wp\/v2\/posts\/2081\/revisions\/3316"}],"wp:attachment":[{"href":"https:\/\/pfzl.de\/blog\/index.php?rest_route=%2Fwp%2Fv2%2Fmedia&parent=2081"}],"wp:term":[{"taxonomy":"category","embeddable":true,"href":"https:\/\/pfzl.de\/blog\/index.php?rest_route=%2Fwp%2Fv2%2Fcategories&post=2081"},{"taxonomy":"post_tag","embeddable":true,"href":"https:\/\/pfzl.de\/blog\/index.php?rest_route=%2Fwp%2Fv2%2Ftags&post=2081"}],"curies":[{"name":"wp","href":"https:\/\/api.w.org\/{rel}","templated":true}]}}