{"id":2056,"date":"2014-06-17T14:57:20","date_gmt":"2014-06-17T12:57:20","guid":{"rendered":"http:\/\/pfzl.de\/weblog\/?p=2056"},"modified":"2014-06-18T15:15:22","modified_gmt":"2014-06-18T13:15:22","slug":"pfzl-2014-ein-kleiner-rueckblick","status":"publish","type":"post","link":"https:\/\/pfzl.de\/blog\/?p=2056","title":{"rendered":"PfZl 2014 &mdash; Ein kleiner R\u00fcckblick"},"content":{"rendered":"<p>Hallo liebe Freunde des PfZls,<\/p>\n<p>seit zwei Tagen ist das Zeltlager in Adelm\u00fchle jetzt zu Ende. Alle Zelte sind abgebaut und geputzt, die ganzen Sachen f\u00fcr Spiele und Workshops, K\u00fcchenger\u00e4te und T\u00f6pfe und selbst der letzte Hering sauber verstaut. Vielleicht geht es nicht nur uns Betreuern so, dass man sich jetzt, nachdem man sich ein wenig erholen konnte, das ganze Zeltlager noch einmal durch den Kopf gehen l\u00e4sst. Alle Spiele, die Kost\u00fcme, das Essen, die ganzen Freunde und anderen Kinder, die man im PfZl 2014 kennen gelernt hat. Der Bunte Abend hat gegen Ende dann noch einmal unsere Lachmuskeln angestrengt und am MEGAlagerfeuer konnten wir bei Punsch &amp; Leckereien und bei ein paar Liedern noch den letzten Abend genie\u00dfen.<\/p>\n<p>Uns Betreuern hat diese Woche mit Euch unglaublich viel Spa\u00df gemacht! Wir sind ja auch immer gespannt, was da auf uns zu kommt und wer alles dabei ist. Und es war genial! Die Stimmung, die Spannung, die Erlebnisse und die Erfahrungen, die wir mit Euch gemeinsam erlebt haben. Und auch alles, was wir nicht beeinflussen konnten, das Wetter, der Platz und unsere Unterst\u00fctzer, ob Firmen oder Eltern oder Freunde, haben dazu beigetragen, dass das PfZl &#8222;Adelm\u00fchle&#8220; 2014 in guter Erinnerung bleibt.<\/p>\n<p>Es w\u00fcrde uns freuen Euch alle bei unserem Nachtreffen (13. Juli 2014) noch einmal zu sehen. Zu h\u00f6ren, was Euch gut gefallen hat. Und nat\u00fcrlich auch, was Euch nicht so gefallen hat, damit wir n\u00e4chstes Jahr wieder ein supertolles PfZl erleben k\u00f6nnen. Au\u00dferdem sind wir auch gespannt auf die vielen Bilder, die unsere &#8222;Fotographen&#8220; gemacht haben!<\/p>\n<p>Bis bald,<br \/>\nEuer PfZl-Team! \ud83d\ude0e<\/p>\n","protected":false},"excerpt":{"rendered":"<p>Ein kleiner R\u00fcckblick \u00fcber das Pfingstzeltlager 2014 am Zeltplatz Adelm\u00fchle bei Ravensburg.<\/p>\n","protected":false},"author":9,"featured_media":0,"comment_status":"open","ping_status":"open","sticky":false,"template":"","format":"standard","meta":{"_jetpack_memberships_contains_paid_content":false,"footnotes":""},"categories":[7],"tags":[132,133,7,155],"class_list":["post-2056","post","type-post","status-publish","format-standard","hentry","category-pfzl","tag-132","tag-adelmuehle","tag-pfzl","tag-rueckblick"],"jetpack_featured_media_url":"","jetpack_shortlink":"https:\/\/wp.me\/p8qkQQ-xa","jetpack_sharing_enabled":true,"_links":{"self":[{"href":"https:\/\/pfzl.de\/blog\/index.php?rest_route=\/wp\/v2\/posts\/2056","targetHints":{"allow":["GET"]}}],"collection":[{"href":"https:\/\/pfzl.de\/blog\/index.php?rest_route=\/wp\/v2\/posts"}],"about":[{"href":"https:\/\/pfzl.de\/blog\/index.php?rest_route=\/wp\/v2\/types\/post"}],"author":[{"embeddable":true,"href":"https:\/\/pfzl.de\/blog\/index.php?rest_route=\/wp\/v2\/users\/9"}],"replies":[{"embeddable":true,"href":"https:\/\/pfzl.de\/blog\/index.php?rest_route=%2Fwp%2Fv2%2Fcomments&post=2056"}],"version-history":[{"count":6,"href":"https:\/\/pfzl.de\/blog\/index.php?rest_route=\/wp\/v2\/posts\/2056\/revisions"}],"predecessor-version":[{"id":2080,"href":"https:\/\/pfzl.de\/blog\/index.php?rest_route=\/wp\/v2\/posts\/2056\/revisions\/2080"}],"wp:attachment":[{"href":"https:\/\/pfzl.de\/blog\/index.php?rest_route=%2Fwp%2Fv2%2Fmedia&parent=2056"}],"wp:term":[{"taxonomy":"category","embeddable":true,"href":"https:\/\/pfzl.de\/blog\/index.php?rest_route=%2Fwp%2Fv2%2Fcategories&post=2056"},{"taxonomy":"post_tag","embeddable":true,"href":"https:\/\/pfzl.de\/blog\/index.php?rest_route=%2Fwp%2Fv2%2Ftags&post=2056"}],"curies":[{"name":"wp","href":"https:\/\/api.w.org\/{rel}","templated":true}]}}