{"id":1996,"date":"2014-05-11T18:56:10","date_gmt":"2014-05-11T16:56:10","guid":{"rendered":"http:\/\/pfzl.de\/weblog\/?p=1996"},"modified":"2019-03-27T11:09:20","modified_gmt":"2019-03-27T10:09:20","slug":"infoabend-2","status":"publish","type":"post","link":"https:\/\/pfzl.de\/blog\/?p=1996","title":{"rendered":"Infoabend"},"content":{"rendered":"<p>Vor einer knappen Stunde endete er, unser diesj\u00e4hrige Infoabend. Wir hoffen, dass wir keine <a href=\"https:\/\/pfzl.de\/blog\/?page_id=429\" target=\"_blank\" rel=\"noopener noreferrer\">Fragen<\/a> offen gelassen haben und wir uns dann bereits in weniger als 4 Wochen zahlreich zum Pfingstzeltlager 2014 am Zeltplatz &#8222;Adelm\u00fchle&#8220; wieder sehen.<\/p>\n<p><img decoding=\"async\" style=\"border: 1px solid #333;\" title=\"Infoabend 2014\" src=\"https:\/\/pfzl.de\/blog\/wp-content\/infoabend2014.jpg\" alt=\"Infoabend 2014\" width=\"450\"><\/p>\n<p>Auf Anfrage gibt es <a href=\"https:\/\/pfzl.de\/infoabend\/2014\/\" target=\"_blank\" rel=\"noopener noreferrer\">hier<\/a> noch die Bilder vom diesj\u00e4hrigen Zeltplatz, die wir auch w\u00e4hrend dem Infoabend gezeigt haben. Zur n\u00e4chsten Folie gelangt man dabei entweder durch Klicken zwischen die Folien oder mit Hilfe der Pfeiltasten auf der Tastatur <span class=\"code\">\u2190<\/span> bzw. <span class=\"code\">\u2192<\/span>.<\/p>\n","protected":false},"excerpt":{"rendered":"<p>Der Infoabend 2014 endete eben vor knapp einer Stunde.<\/p>\n","protected":false},"author":9,"featured_media":0,"comment_status":"open","ping_status":"open","sticky":false,"template":"","format":"standard","meta":{"_jetpack_memberships_contains_paid_content":false,"footnotes":""},"categories":[7],"tags":[132,76,148,15,7],"class_list":["post-1996","post","type-post","status-publish","format-standard","hentry","category-pfzl","tag-132","tag-bilder","tag-folien","tag-infoabend","tag-pfzl"],"jetpack_featured_media_url":"","jetpack_shortlink":"https:\/\/wp.me\/p8qkQQ-wc","jetpack_sharing_enabled":true,"_links":{"self":[{"href":"https:\/\/pfzl.de\/blog\/index.php?rest_route=\/wp\/v2\/posts\/1996","targetHints":{"allow":["GET"]}}],"collection":[{"href":"https:\/\/pfzl.de\/blog\/index.php?rest_route=\/wp\/v2\/posts"}],"about":[{"href":"https:\/\/pfzl.de\/blog\/index.php?rest_route=\/wp\/v2\/types\/post"}],"author":[{"embeddable":true,"href":"https:\/\/pfzl.de\/blog\/index.php?rest_route=\/wp\/v2\/users\/9"}],"replies":[{"embeddable":true,"href":"https:\/\/pfzl.de\/blog\/index.php?rest_route=%2Fwp%2Fv2%2Fcomments&post=1996"}],"version-history":[{"count":8,"href":"https:\/\/pfzl.de\/blog\/index.php?rest_route=\/wp\/v2\/posts\/1996\/revisions"}],"predecessor-version":[{"id":3319,"href":"https:\/\/pfzl.de\/blog\/index.php?rest_route=\/wp\/v2\/posts\/1996\/revisions\/3319"}],"wp:attachment":[{"href":"https:\/\/pfzl.de\/blog\/index.php?rest_route=%2Fwp%2Fv2%2Fmedia&parent=1996"}],"wp:term":[{"taxonomy":"category","embeddable":true,"href":"https:\/\/pfzl.de\/blog\/index.php?rest_route=%2Fwp%2Fv2%2Fcategories&post=1996"},{"taxonomy":"post_tag","embeddable":true,"href":"https:\/\/pfzl.de\/blog\/index.php?rest_route=%2Fwp%2Fv2%2Ftags&post=1996"}],"curies":[{"name":"wp","href":"https:\/\/api.w.org\/{rel}","templated":true}]}}