{"id":1701,"date":"2013-06-17T22:04:20","date_gmt":"2013-06-17T20:04:20","guid":{"rendered":"http:\/\/pfzl.de\/weblog\/?p=1701"},"modified":"2019-03-27T11:16:07","modified_gmt":"2019-03-27T10:16:07","slug":"ein-kleiner-ruckblick","status":"publish","type":"post","link":"https:\/\/pfzl.de\/blog\/?p=1701","title":{"rendered":"Ein kleiner R\u00fcckblick"},"content":{"rendered":"<p>Ein paar Tage sind jetzt schon vergangen seit wir die Zelte abgebrochen haben und die Finger sind jetzt wieder warm genug um zu tippen. Eine Woche drau\u00dfen in der Natur sein, in Zelten schlafen, sich austoben, neue Freunde kennen lernen, am Lagerfeuer sitzen, singen und abends im Schlafsack Gruselgeschichten erz\u00e4hlen.<\/p>\n<div id=\"attachment_1700\" style=\"width: 460px\" class=\"wp-caption aligncenter\"><a href=\"https:\/\/pfzl.de\/blog\/wp-content\/zeltlagerfahne2013.jpg\"><img loading=\"lazy\" decoding=\"async\" aria-describedby=\"caption-attachment-1700\" data-attachment-id=\"1700\" data-permalink=\"https:\/\/pfzl.de\/blog\/?attachment_id=1700\" data-orig-file=\"https:\/\/pfzl.de\/blog\/wp-content\/zeltlagerfahne2013.jpg\" data-orig-size=\"450,376\" data-comments-opened=\"0\" data-image-meta=\"{&quot;aperture&quot;:&quot;0&quot;,&quot;credit&quot;:&quot;&quot;,&quot;camera&quot;:&quot;&quot;,&quot;caption&quot;:&quot;&quot;,&quot;created_timestamp&quot;:&quot;0&quot;,&quot;copyright&quot;:&quot;&quot;,&quot;focal_length&quot;:&quot;0&quot;,&quot;iso&quot;:&quot;0&quot;,&quot;shutter_speed&quot;:&quot;0&quot;,&quot;title&quot;:&quot;&quot;}\" data-image-title=\"zeltlagerfahne2013\" data-image-description=\"&lt;p&gt;Zeltlagerfahne &amp;#8222;B\u00e4rental&amp;#8220; 2013&lt;\/p&gt;\n\" data-image-caption=\"&lt;p&gt;Zeltlagerfahne &amp;#8222;B\u00e4rental&amp;#8220; 2013&lt;\/p&gt;\n\" data-large-file=\"https:\/\/pfzl.de\/blog\/wp-content\/zeltlagerfahne2013.jpg\" class=\"size-full wp-image-1700\" alt=\"Zeltlagerfahne 2013\" src=\"https:\/\/pfzl.de\/blog\/wp-content\/zeltlagerfahne2013.jpg\" width=\"450\" height=\"376\" srcset=\"https:\/\/pfzl.de\/blog\/wp-content\/zeltlagerfahne2013.jpg 450w, https:\/\/pfzl.de\/blog\/wp-content\/zeltlagerfahne2013-300x250.jpg 300w\" sizes=\"auto, (max-width: 450px) 100vw, 450px\" \/><\/a><p id=\"caption-attachment-1700\" class=\"wp-caption-text\">Zeltlagerfahne &#8222;B\u00e4rental&#8220; 2013<\/p><\/div>\n<p>Obwohl dieses Jahr das Wetter einen Strich durch unsere Rechnung gemacht hat, haben wir keine kalten F\u00fc\u00dfe bekommen. Nachdem Caesar alle Wildschweine entf\u00fchrt hatte, mussten wir durch die Zeit reisen und von Gallien aus die Spur \u00fcber England, Amerika und Spanien verfolgen. Dabei haben wir viele Geschichten erlebt und durchlebt. Und auch sonst haben wir viel gemacht. Stecken geschnitzt, Stockbrot \u00fcber dem Feuer gebacken, in einer Andacht auch gedankt dass wir das alles erfahren d\u00fcrfen, frisch geschlossene Freundschaften mit Freundschaftsb\u00e4ndern verst\u00e4rkt, Taschen bedruckt und vieles mehr. Gemeinsam Leben erleben. Unser Motto, das wir dieses Jahr wieder einmal wahr gemacht haben. Um das alles m\u00f6glich zu machen, bedarf es vielen Helfern. Allen die beim Gelingen des PfZl wieder beigetragen haben, m\u00f6chten wir Danke sagen! Und nicht zuletzt auch Danke an euch Kinder, die mit viel guter Laune zur aufgeheizten Stimmung, trotz frostigen Temperaturen, beigetragen haben und nat\u00fcrlich auch euren Mamas und Papas, die eine ganze Woche auf euch verzichten mussten.<\/p>\n<p>Viel haben wir auch auf Bildern festgehalten. Diese und uns k\u00f6nnt ihr am<strong> 30.06.<\/strong> auch wieder sehen. Wir freuen uns darauf, auch sich \u00fcber Erlebtes zu unterhalten und zusammen auf das n\u00e4chste PfZl 2014 gespannt zu sein.<\/p>\n<p>Euer Betreuerteam \ud83d\ude0e<\/p>\n","protected":false},"excerpt":{"rendered":"<p>Ein paar Worte \u00fcber das vergangene PfZl 2013.<\/p>\n","protected":false},"author":9,"featured_media":0,"comment_status":"open","ping_status":"open","sticky":false,"template":"","format":"standard","meta":{"_jetpack_memberships_contains_paid_content":false,"footnotes":""},"categories":[7],"tags":[120,125,129,26,7],"class_list":["post-1701","post","type-post","status-publish","format-standard","hentry","category-pfzl","tag-120","tag-barental","tag-fahne","tag-nachtreffen","tag-pfzl"],"jetpack_featured_media_url":"","jetpack_shortlink":"https:\/\/wp.me\/p8qkQQ-rr","jetpack_sharing_enabled":true,"_links":{"self":[{"href":"https:\/\/pfzl.de\/blog\/index.php?rest_route=\/wp\/v2\/posts\/1701","targetHints":{"allow":["GET"]}}],"collection":[{"href":"https:\/\/pfzl.de\/blog\/index.php?rest_route=\/wp\/v2\/posts"}],"about":[{"href":"https:\/\/pfzl.de\/blog\/index.php?rest_route=\/wp\/v2\/types\/post"}],"author":[{"embeddable":true,"href":"https:\/\/pfzl.de\/blog\/index.php?rest_route=\/wp\/v2\/users\/9"}],"replies":[{"embeddable":true,"href":"https:\/\/pfzl.de\/blog\/index.php?rest_route=%2Fwp%2Fv2%2Fcomments&post=1701"}],"version-history":[{"count":10,"href":"https:\/\/pfzl.de\/blog\/index.php?rest_route=\/wp\/v2\/posts\/1701\/revisions"}],"predecessor-version":[{"id":3326,"href":"https:\/\/pfzl.de\/blog\/index.php?rest_route=\/wp\/v2\/posts\/1701\/revisions\/3326"}],"wp:attachment":[{"href":"https:\/\/pfzl.de\/blog\/index.php?rest_route=%2Fwp%2Fv2%2Fmedia&parent=1701"}],"wp:term":[{"taxonomy":"category","embeddable":true,"href":"https:\/\/pfzl.de\/blog\/index.php?rest_route=%2Fwp%2Fv2%2Fcategories&post=1701"},{"taxonomy":"post_tag","embeddable":true,"href":"https:\/\/pfzl.de\/blog\/index.php?rest_route=%2Fwp%2Fv2%2Ftags&post=1701"}],"curies":[{"name":"wp","href":"https:\/\/api.w.org\/{rel}","templated":true}]}}