{"id":1425,"date":"2012-06-15T13:22:12","date_gmt":"2012-06-15T11:22:12","guid":{"rendered":"http:\/\/pfzl.de\/weblog\/?p=1425"},"modified":"2012-09-25T15:35:54","modified_gmt":"2012-09-25T13:35:54","slug":"nachtreffen-2012","status":"publish","type":"post","link":"https:\/\/pfzl.de\/blog\/?p=1425","title":{"rendered":"Nachtreffen 2012"},"content":{"rendered":"<p>Das heldenhafte Zeltlager 2012 ging vorbei und auch dieses Jahr, m\u00f6chten wir nochmal die Erinnerungen an dieses wecken.<\/p>\n<div style=\"border: 1px solid #aaa;\">\n<!-- box-shadow: 3px 3px 5px 6px #ccc; --><\/p>\n<p style=\"text-align: center;\">Am Sonntag, dem 01. Juli 2012<br \/>\num 15 Uhr<br \/>\nin der Grundschule Nord, Wei\u00dfenhorn<br \/>\n<small>(beim Clarentiner Kolleg &amp; Krankenhaus)<\/small><\/p>\n<\/div>\n<p>Hierzu m\u00f6chten wir alle Pfingstzeltlagerer, sowie Mamas, Papas, Omas und Opas und auch diejenigen, die mehr \u00fcber die vergangene Zeltlagerwoche sehen und h\u00f6ren m\u00f6chten herzlich einladen.<\/p>\n<p>F\u00fcr Essen und Trinken ist gesorgt, dennoch w\u00fcrden wir uns \u00fcber eine Kuchenspende sehr freuen :).<\/p>\n<p>Wir hoffen auf zahlreiche Erscheinungen und freuen uns schon auf den 1. Juli \ud83d\ude09<\/p>\n<p>Euer PFZL-Team<\/p>\n","protected":false},"excerpt":{"rendered":"<p>Nochmals kurz alle Infos zum Nachtreffen 2012.<\/p>\n","protected":false},"author":9,"featured_media":0,"comment_status":"open","ping_status":"open","sticky":false,"template":"","format":"standard","meta":{"_jetpack_memberships_contains_paid_content":false,"footnotes":""},"categories":[7],"tags":[114,26,7],"class_list":["post-1425","post","type-post","status-publish","format-standard","hentry","category-pfzl","tag-114","tag-nachtreffen","tag-pfzl"],"jetpack_featured_media_url":"","jetpack_shortlink":"https:\/\/wp.me\/p8qkQQ-mZ","jetpack_sharing_enabled":true,"_links":{"self":[{"href":"https:\/\/pfzl.de\/blog\/index.php?rest_route=\/wp\/v2\/posts\/1425","targetHints":{"allow":["GET"]}}],"collection":[{"href":"https:\/\/pfzl.de\/blog\/index.php?rest_route=\/wp\/v2\/posts"}],"about":[{"href":"https:\/\/pfzl.de\/blog\/index.php?rest_route=\/wp\/v2\/types\/post"}],"author":[{"embeddable":true,"href":"https:\/\/pfzl.de\/blog\/index.php?rest_route=\/wp\/v2\/users\/9"}],"replies":[{"embeddable":true,"href":"https:\/\/pfzl.de\/blog\/index.php?rest_route=%2Fwp%2Fv2%2Fcomments&post=1425"}],"version-history":[{"count":18,"href":"https:\/\/pfzl.de\/blog\/index.php?rest_route=\/wp\/v2\/posts\/1425\/revisions"}],"predecessor-version":[{"id":1614,"href":"https:\/\/pfzl.de\/blog\/index.php?rest_route=\/wp\/v2\/posts\/1425\/revisions\/1614"}],"wp:attachment":[{"href":"https:\/\/pfzl.de\/blog\/index.php?rest_route=%2Fwp%2Fv2%2Fmedia&parent=1425"}],"wp:term":[{"taxonomy":"category","embeddable":true,"href":"https:\/\/pfzl.de\/blog\/index.php?rest_route=%2Fwp%2Fv2%2Fcategories&post=1425"},{"taxonomy":"post_tag","embeddable":true,"href":"https:\/\/pfzl.de\/blog\/index.php?rest_route=%2Fwp%2Fv2%2Ftags&post=1425"}],"curies":[{"name":"wp","href":"https:\/\/api.w.org\/{rel}","templated":true}]}}