{"id":1260,"date":"2012-02-15T20:01:09","date_gmt":"2012-02-15T18:01:09","guid":{"rendered":"http:\/\/pfzl.de\/weblog\/?p=1260"},"modified":"2012-09-28T11:01:32","modified_gmt":"2012-09-28T09:01:32","slug":"hier-tut-sich-wieder-was","status":"publish","type":"post","link":"https:\/\/pfzl.de\/blog\/?p=1260","title":{"rendered":"Hier tut sich wieder was&#8230;"},"content":{"rendered":"<p>Nachdem hier schon l\u00e4nger nichts mehr los war, k\u00f6nnen wir jetzt umso mehr berichten. Wir haben uns seither schon wieder einige Male getroffen und die Planung f\u00fcr das kommende Zeltlager l\u00e4uft bereits auf Hochtouren.<\/p>\n<p>Damit auch Ihr ein bisschen besser planen k\u00f6nnt, teilen wir Euch hier gleich mal ein paar Termine mit:<\/p>\n<p>Das Pfingstzeltlager findet dieses Jahr vom Mo, dem 28. Mai bis So, den 03. Juni 2012 statt. Nat\u00fcrlich wird es auch dieses Jahr wieder einen Infoabend geben. Voraussichtlich wird dieser am Sonntag, dem 29. April ab 17 Uhr im Haus St. Katharina in Wullenstetten stattfinden.<\/p>\n","protected":false},"excerpt":{"rendered":"<p>So langsam geht&#8217;s wieder los &#8211; hier ein paar Termine.<\/p>\n","protected":false},"author":9,"featured_media":0,"comment_status":"open","ping_status":"open","sticky":false,"template":"","format":"standard","meta":{"_jetpack_memberships_contains_paid_content":false,"footnotes":""},"categories":[7],"tags":[114,15,7,97],"class_list":["post-1260","post","type-post","status-publish","format-standard","hentry","category-pfzl","tag-114","tag-infoabend","tag-pfzl","tag-termin"],"jetpack_featured_media_url":"","jetpack_shortlink":"https:\/\/wp.me\/p8qkQQ-kk","jetpack_sharing_enabled":true,"_links":{"self":[{"href":"https:\/\/pfzl.de\/blog\/index.php?rest_route=\/wp\/v2\/posts\/1260","targetHints":{"allow":["GET"]}}],"collection":[{"href":"https:\/\/pfzl.de\/blog\/index.php?rest_route=\/wp\/v2\/posts"}],"about":[{"href":"https:\/\/pfzl.de\/blog\/index.php?rest_route=\/wp\/v2\/types\/post"}],"author":[{"embeddable":true,"href":"https:\/\/pfzl.de\/blog\/index.php?rest_route=\/wp\/v2\/users\/9"}],"replies":[{"embeddable":true,"href":"https:\/\/pfzl.de\/blog\/index.php?rest_route=%2Fwp%2Fv2%2Fcomments&post=1260"}],"version-history":[{"count":22,"href":"https:\/\/pfzl.de\/blog\/index.php?rest_route=\/wp\/v2\/posts\/1260\/revisions"}],"predecessor-version":[{"id":1621,"href":"https:\/\/pfzl.de\/blog\/index.php?rest_route=\/wp\/v2\/posts\/1260\/revisions\/1621"}],"wp:attachment":[{"href":"https:\/\/pfzl.de\/blog\/index.php?rest_route=%2Fwp%2Fv2%2Fmedia&parent=1260"}],"wp:term":[{"taxonomy":"category","embeddable":true,"href":"https:\/\/pfzl.de\/blog\/index.php?rest_route=%2Fwp%2Fv2%2Fcategories&post=1260"},{"taxonomy":"post_tag","embeddable":true,"href":"https:\/\/pfzl.de\/blog\/index.php?rest_route=%2Fwp%2Fv2%2Ftags&post=1260"}],"curies":[{"name":"wp","href":"https:\/\/api.w.org\/{rel}","templated":true}]}}