{"id":1162,"date":"2011-04-11T10:55:48","date_gmt":"2011-04-11T09:55:48","guid":{"rendered":"http:\/\/pfzl.de\/weblog\/?p=1162"},"modified":"2011-06-28T13:46:38","modified_gmt":"2011-06-28T11:46:38","slug":"infos-infos-infos","status":"publish","type":"post","link":"https:\/\/pfzl.de\/blog\/?p=1162","title":{"rendered":"Infos, Infos, Infos"},"content":{"rendered":"<p>Nachdem der letzte Beitrag auch schon etwas l\u00e4nger zur\u00fcck liegt, wird es mal wieder Zeit hier etwas Aktualit\u00e4t reinzubringen. Wie der Countdown oben zeigt, ist es auch gar nicht mehr allzu lange bis zum diesj\u00e4hrigen Pfingstzeltlager. Deswegen waren wir in der letzten Zeit auch nicht ganz unt\u00e4tig, sodass wir inzwischen beispielsweise s\u00e4mtliche Teamtreffen und das Vorbereitungswochenende erfolgreich absolviert haben und das Zeltlager somit nun kommen kann &#8211; wir sind bereit!<\/p>\n<p>Die Anmeldung wird \u00fcbrigens, sobald sie aus dem Druck kommt, so sch\u00e4tzungsweise ab n\u00e4chster Woche langsam aber sicher in den alt bekannten L\u00e4den ausliegen. Wer bis dahin nicht warten will, kann sie nat\u00fcrlich auch hier schon herunterladen und ausdrucken \ud83d\ude09<\/p>\n<p>Der diesj\u00e4hrige Infoabend findet am Sonntag, dem 22.Mai um 17.00 Uhr wieder im Haus St. Katharina in Wullenstetten (Rauthstra\u00dfe; n\u00e4he Kirche) statt.<\/p>\n<p>Bis dahin,<br \/>\ndein Betreuerteam!<\/p>\n","protected":false},"excerpt":{"rendered":"<p>Ein kurzer \u00dcberblick der vergangenen Zeit. Die Anmeldung ist inzwischen auch online.<\/p>\n","protected":false},"author":9,"featured_media":0,"comment_status":"open","ping_status":"open","sticky":false,"template":"","format":"standard","meta":{"_jetpack_memberships_contains_paid_content":false,"footnotes":""},"categories":[7],"tags":[61,14,102,7,13,22],"class_list":["post-1162","post","type-post","status-publish","format-standard","hentry","category-pfzl","tag-61","tag-anmeldung","tag-barenbach","tag-pfzl","tag-vobewe","tag-zeltplatz"],"jetpack_featured_media_url":"","jetpack_shortlink":"https:\/\/wp.me\/p8qkQQ-iK","jetpack_sharing_enabled":true,"_links":{"self":[{"href":"https:\/\/pfzl.de\/blog\/index.php?rest_route=\/wp\/v2\/posts\/1162","targetHints":{"allow":["GET"]}}],"collection":[{"href":"https:\/\/pfzl.de\/blog\/index.php?rest_route=\/wp\/v2\/posts"}],"about":[{"href":"https:\/\/pfzl.de\/blog\/index.php?rest_route=\/wp\/v2\/types\/post"}],"author":[{"embeddable":true,"href":"https:\/\/pfzl.de\/blog\/index.php?rest_route=\/wp\/v2\/users\/9"}],"replies":[{"embeddable":true,"href":"https:\/\/pfzl.de\/blog\/index.php?rest_route=%2Fwp%2Fv2%2Fcomments&post=1162"}],"version-history":[{"count":5,"href":"https:\/\/pfzl.de\/blog\/index.php?rest_route=\/wp\/v2\/posts\/1162\/revisions"}],"predecessor-version":[{"id":1200,"href":"https:\/\/pfzl.de\/blog\/index.php?rest_route=\/wp\/v2\/posts\/1162\/revisions\/1200"}],"wp:attachment":[{"href":"https:\/\/pfzl.de\/blog\/index.php?rest_route=%2Fwp%2Fv2%2Fmedia&parent=1162"}],"wp:term":[{"taxonomy":"category","embeddable":true,"href":"https:\/\/pfzl.de\/blog\/index.php?rest_route=%2Fwp%2Fv2%2Fcategories&post=1162"},{"taxonomy":"post_tag","embeddable":true,"href":"https:\/\/pfzl.de\/blog\/index.php?rest_route=%2Fwp%2Fv2%2Ftags&post=1162"}],"curies":[{"name":"wp","href":"https:\/\/api.w.org\/{rel}","templated":true}]}}